{"id":1405,"date":"2019-12-12T00:00:00","date_gmt":"2019-12-11T23:00:00","guid":{"rendered":"https:\/\/stage.usercentrics.com\/de\/press\/juergen-weichert-verstaerkt-die-geschaeftsfuehrung-von-usercentrics\/"},"modified":"2024-09-05T12:07:07","modified_gmt":"2024-09-05T10:07:07","slug":"juergen-weichert-verstaerkt-die-geschaeftsfuehrung-von-usercentrics","status":"publish","type":"press_release","link":"https:\/\/usercentrics.com\/de\/press\/juergen-weichert-verstaerkt-die-geschaeftsfuehrung-von-usercentrics\/","title":{"rendered":"J\u00fcrgen Weichert verst\u00e4rkt die Gesch\u00e4ftsf\u00fchrung von Usercentrics"},"content":{"rendered":"<p><b>M\u00fcnchen, 12. Dezember 2019<\/b> &#8211; Usercentrics verst\u00e4rkt sein Management: J\u00fcrgen Weichert, ehemaliger Head of Strategic Partner Development DACH bei Google und seit April 2019 VP Business Development beim M\u00fcnchner Tech Unternehmen, ist seit 1. November 2019 Mitglied der Usercentrics Gesch\u00e4ftsf\u00fchrung.<\/p>\n<p>Die VC-finanzierte <a href=\"https:\/\/usercentrics.com\/\" target=\"_blank\" rel=\"noopener noreferrer\">Consent Management Platform<\/a> (CMP) Usercentrics stellt Unternehmen wie Porsche oder der Commerzbank eine Software zur Verf\u00fcgung, die sie dabei unterst\u00fctzt, die Einwilligungen und Pr\u00e4ferenzen ihrer Nutzer DSGVO-konform einzuholen, zu verwalten und zu dokumentieren.<\/p>\n<p>In seiner neuen Rolle als Chief Revenue Officer (CRO) verantwortet der studierte Betriebswirt mit mehr als 20 Jahren Erfahrung in den Bereichen Vertrieb, Marketing und Business Development unter anderem den Vertrieb, die strategischen Partnerschaften und die Erschlie\u00dfung neuer M\u00e4rkte sowohl national als auch international.<\/p>\n<p>Der ehemalige Google Manager hat alle H\u00e4nde voll zu tun, denn seit der Gr\u00fcndung 2017 ist Usercentrics \u00fcberproportional gewachsen: Gerade im Bereich Enterprise verzeichnet das Unternehmen immenses Wachstum. Gesamt betrachtet stieg die Zahl der Websites mit Usercentrics-CMP in den letzten sechs Monaten um 2.200 Prozent. Und auch international zieht das Gesch\u00e4ft an: Durch globale Partnerschaften ist Usercentrics mittlerweile in den Benelux-Staaten, Frankreich und Gro\u00dfbritannien vertreten.<\/p>\n<p><b>J\u00fcrgen Weichert, Chief Revenue Officer:<\/b> \u201eDass der Markt f\u00fcr Consent Management Plattformen derzeit durch die Decke geht, war zu erwarten \u2013 hierf\u00fcr spricht globale Regulatorik, aber auch die Vorgaben von gro\u00dfen AdTech Anbietern wie Google. Denn ohne die datenschutzkonforme Einwilligung sind personenbezogene Daten in Zukunft wertlos, das haben nicht nur die deutschen Unternehmen erkannt und \u00fcberh\u00e4ufen uns mit Anfragen.\u201d<\/p>\n<p><b>Mischa R\u00fcrup, CEO und Gr\u00fcnder von Usercentrics:<\/b> \u201eWir beobachten, dass Privacy-Themen nun auch international immer mehr in den Fokus r\u00fccken und auch hier verst\u00e4rkt Bedarf f\u00fcr smarte Consent Management-L\u00f6sungen besteht. Deshalb expandieren wir derzeit intensiv und freuen uns mit J\u00fcrgen Weichert einen Partner an unserer Seite zu haben, mit dem wir nicht nur unsere nationale Marktf\u00fchrerschaft ausbauen, sondern auch international \u00fcber strategische Partnerschaften skalieren k\u00f6nnen.\u201d<\/p>\n<h2>Consent Management L\u00f6sungen &#8211; das Must-Have f\u00fcr Webseitenbetreiber<\/h2>\n<p>Der europa- und weltweite Markt f\u00fcr Consent Management erlebt derzeit einen nie dagewesenen Aufschwung: Denn wie der EuGH am 1. Oktober 2019 in seinem Urteil zum Cookie-Banner bekr\u00e4ftigt hat, wird die Einwilligung f\u00fcr (Werbe-)Cookies zur Pflicht (<a href=\"https:\/\/curia.europa.eu\/juris\/document\/document.jsf?text=&amp;docid=218462&amp;pageIndex=0&amp;doclang=de&amp;mode=lst&amp;dir=&amp;occ=first&amp;part=1&amp;cid=6836046\" target=\"_blank\" rel=\"noopener noreferrer\">C-673\/17<\/a>). Der EuGH hatte in einem vorherigen Urteil bereits entschieden, dass Webseitenbetreiber f\u00fcr die Datenverarbeitung durch Plugins, wie beispielsweise dem Facebook Plugin, mitverantwortlich sind (<a href=\"https:\/\/curia.europa.eu\/juris\/document\/document.jsf?text=&amp;docid=216555&amp;pageIndex=0&amp;doclang=de&amp;mode=lst&amp;dir=&amp;occ=first&amp;part=1&amp;cid=5620446\" target=\"_blank\" rel=\"noopener noreferrer\">C\u201140\/17<\/a>). Die Nutzer-Einwilligung wird somit zur neuen W\u00e4hrung im Online Marketing, die Opt-in Rate zur neuen, wertvollen KPI.<\/p>\n","protected":false},"featured_media":1113,"template":"","meta":{"_acf_changed":false,"editor_notices":[]},"tags":[],"press_category":[16],"class_list":["post-1405","press_release","type-press_release","status-publish","has-post-thumbnail","hentry","press_category-internal"],"acf":[],"yoast_head":"<title>J\u00fcrgen Weichert verst\u00e4rkt die Usercentrics-Gesch\u00e4ftsf\u00fchrung<\/title>\n<meta name=\"description\" content=\"J\u00fcrgen Weichert, ehemaliger Head of Strategic Partner Development DACH bei Google ist seit 1. November 2019 Mitglied der Usercentrics Gesch\u00e4ftsf\u00fchrung.\" \/>\n<meta name=\"robots\" content=\"index, follow, max-snippet:-1, max-image-preview:large, max-video-preview:-1\" \/>\n<link rel=\"canonical\" href=\"https:\/\/usercentrics.com\/de\/press\/juergen-weichert-verstaerkt-die-geschaeftsfuehrung-von-usercentrics\/\" \/>\n<meta property=\"og:locale\" content=\"de_DE\" \/>\n<meta property=\"og:type\" content=\"article\" \/>\n<meta property=\"og:title\" content=\"J\u00fcrgen Weichert verst\u00e4rkt die Usercentrics-Gesch\u00e4ftsf\u00fchrung\" \/>\n<meta property=\"og:description\" content=\"J\u00fcrgen Weichert, ehemaliger Head of Strategic Partner Development DACH bei Google ist seit 1. November 2019 Mitglied der Usercentrics Gesch\u00e4ftsf\u00fchrung.\" \/>\n<meta property=\"og:url\" content=\"https:\/\/usercentrics.com\/de\/press\/juergen-weichert-verstaerkt-die-geschaeftsfuehrung-von-usercentrics\/\" \/>\n<meta property=\"og:site_name\" content=\"Consent Management Platform (CMP) Usercentrics\" \/>\n<meta property=\"article:publisher\" content=\"https:\/\/www.facebook.com\/usercentrics\" \/>\n<meta property=\"article:published_time\" content=\"2019-12-11T23:00:00+00:00\" \/>\n<meta property=\"article:modified_time\" content=\"2024-09-05T10:07:07+00:00\" \/>\n<meta property=\"og:image\" content=\"https:\/\/usercentrics.com\/de\/wp-content\/uploads\/sites\/2\/2024\/09\/Asset-93-100.jpg\" \/>\n\t<meta property=\"og:image:width\" content=\"1201\" \/>\n\t<meta property=\"og:image:height\" content=\"631\" \/>\n\t<meta property=\"og:image:type\" content=\"image\/jpeg\" \/>\n<meta name=\"twitter:card\" content=\"summary_large_image\" \/>\n<meta name=\"twitter:title\" content=\"J\u00fcrgen Weichert verst\u00e4rkt die Usercentrics-Gesch\u00e4ftsf\u00fchrung\" \/>\n<meta name=\"twitter:description\" content=\"J\u00fcrgen Weichert, ehemaliger Head of Strategic Partner Development DACH bei Google ist seit 1. November 2019 Mitglied der Usercentrics Gesch\u00e4ftsf\u00fchrung.\" \/>\n<meta name=\"twitter:site\" content=\"@usercentrics\" \/>\n<meta name=\"twitter:label1\" content=\"Gesch\u00e4tzte Lesezeit\" \/>\n\t<meta name=\"twitter:data1\" content=\"2 Minuten\" \/>\n<script type=\"application\/ld+json\" class=\"yoast-schema-graph\">{\"@context\":\"https:\\\/\\\/schema.org\",\"@graph\":[{\"@type\":\"WebPage\",\"@id\":\"https:\\\/\\\/usercentrics.com\\\/de\\\/press\\\/juergen-weichert-verstaerkt-die-geschaeftsfuehrung-von-usercentrics\\\/\",\"url\":\"https:\\\/\\\/usercentrics.com\\\/de\\\/press\\\/juergen-weichert-verstaerkt-die-geschaeftsfuehrung-von-usercentrics\\\/\",\"name\":\"J\u00fcrgen Weichert verst\u00e4rkt die Usercentrics-Gesch\u00e4ftsf\u00fchrung\",\"isPartOf\":{\"@id\":\"https:\\\/\\\/usercentrics.com\\\/de\\\/#website\"},\"primaryImageOfPage\":{\"@id\":\"https:\\\/\\\/usercentrics.com\\\/de\\\/press\\\/juergen-weichert-verstaerkt-die-geschaeftsfuehrung-von-usercentrics\\\/#primaryimage\"},\"image\":{\"@id\":\"https:\\\/\\\/usercentrics.com\\\/de\\\/press\\\/juergen-weichert-verstaerkt-die-geschaeftsfuehrung-von-usercentrics\\\/#primaryimage\"},\"thumbnailUrl\":\"https:\\\/\\\/usercentrics.com\\\/de\\\/wp-content\\\/uploads\\\/sites\\\/2\\\/2021\\\/06\\\/Default_PressRelease.svg?v=bdfe44509ca402b4\",\"datePublished\":\"2019-12-11T23:00:00+00:00\",\"dateModified\":\"2024-09-05T10:07:07+00:00\",\"description\":\"J\u00fcrgen Weichert, ehemaliger Head of Strategic Partner Development DACH bei Google ist seit 1. November 2019 Mitglied der Usercentrics Gesch\u00e4ftsf\u00fchrung.\",\"breadcrumb\":{\"@id\":\"https:\\\/\\\/usercentrics.com\\\/de\\\/press\\\/juergen-weichert-verstaerkt-die-geschaeftsfuehrung-von-usercentrics\\\/#breadcrumb\"},\"inLanguage\":\"de-DE\",\"potentialAction\":[{\"@type\":\"ReadAction\",\"target\":\"https:\\\/\\\/usercentrics.com\\\/de\\\/press\\\/juergen-weichert-verstaerkt-die-geschaeftsfuehrung-von-usercentrics\\\/\"}]},{\"@type\":\"ImageObject\",\"inLanguage\":\"de-DE\",\"@id\":\"https:\\\/\\\/usercentrics.com\\\/de\\\/press\\\/juergen-weichert-verstaerkt-die-geschaeftsfuehrung-von-usercentrics\\\/#primaryimage\",\"url\":\"https:\\\/\\\/usercentrics.com\\\/de\\\/wp-content\\\/uploads\\\/sites\\\/2\\\/2021\\\/06\\\/Default_PressRelease.svg?v=bdfe44509ca402b4\",\"contentUrl\":\"https:\\\/\\\/usercentrics.com\\\/de\\\/wp-content\\\/uploads\\\/sites\\\/2\\\/2021\\\/06\\\/Default_PressRelease.svg?v=bdfe44509ca402b4\",\"caption\":\"Press Release\",\"copyrightNotice\":\"\u00a9 Copyright 2026 Usercentrics GmbH\",\"creator\":{\"@type\":\"Organization\",\"name\":\"Usercentrics GmbH\"},\"creditText\":\"Image: Usercentrics GmbH\"},{\"@type\":\"BreadcrumbList\",\"@id\":\"https:\\\/\\\/usercentrics.com\\\/de\\\/press\\\/juergen-weichert-verstaerkt-die-geschaeftsfuehrung-von-usercentrics\\\/#breadcrumb\",\"itemListElement\":[{\"@type\":\"ListItem\",\"position\":1,\"name\":\"Presse\",\"item\":\"https:\\\/\\\/usercentrics.com\\\/de\\\/presse\\\/\"},{\"@type\":\"ListItem\",\"position\":2,\"name\":\"J\u00fcrgen Weichert verst\u00e4rkt die Gesch\u00e4ftsf\u00fchrung von Usercentrics\",\"item\":\"https:\\\/\\\/usercentrics.com\\\/de\\\/press\\\/juergen-weichert-verstaerkt-die-geschaeftsfuehrung-von-usercentrics\\\/\"}]},{\"@type\":\"WebSite\",\"@id\":\"https:\\\/\\\/usercentrics.com\\\/de\\\/#website\",\"url\":\"https:\\\/\\\/usercentrics.com\\\/de\\\/\",\"name\":\"Consent Management Platform (CMP) Usercentrics\",\"description\":\"Consent Management Platform (CMP) Usercentrics\",\"potentialAction\":[{\"@type\":\"SearchAction\",\"target\":{\"@type\":\"EntryPoint\",\"urlTemplate\":\"https:\\\/\\\/usercentrics.com\\\/de\\\/?s={search_term_string}\"}}],\"inLanguage\":\"de-DE\"}]}<\/script>","yoast_head_json":{"title":"J\u00fcrgen Weichert verst\u00e4rkt die Usercentrics-Gesch\u00e4ftsf\u00fchrung","description":"J\u00fcrgen Weichert, ehemaliger Head of Strategic Partner Development DACH bei Google ist seit 1. November 2019 Mitglied der Usercentrics Gesch\u00e4ftsf\u00fchrung.","robots":{"index":"index","follow":"follow","max-snippet":"max-snippet:-1","max-image-preview":"max-image-preview:large","max-video-preview":"max-video-preview:-1"},"canonical":"https:\/\/usercentrics.com\/de\/press\/juergen-weichert-verstaerkt-die-geschaeftsfuehrung-von-usercentrics\/","og_locale":"de_DE","og_type":"article","og_title":"J\u00fcrgen Weichert verst\u00e4rkt die Usercentrics-Gesch\u00e4ftsf\u00fchrung","og_description":"J\u00fcrgen Weichert, ehemaliger Head of Strategic Partner Development DACH bei Google ist seit 1. November 2019 Mitglied der Usercentrics Gesch\u00e4ftsf\u00fchrung.","og_url":"https:\/\/usercentrics.com\/de\/press\/juergen-weichert-verstaerkt-die-geschaeftsfuehrung-von-usercentrics\/","og_site_name":"Consent Management Platform (CMP) Usercentrics","article_publisher":"https:\/\/www.facebook.com\/usercentrics","article_published_time":"2019-12-11T23:00:00+00:00","article_modified_time":"2024-09-05T10:07:07+00:00","og_image":[{"width":1201,"height":631,"url":"https:\/\/usercentrics.com\/de\/wp-content\/uploads\/sites\/2\/2024\/09\/Asset-93-100.jpg","type":"image\/jpeg"}],"twitter_card":"summary_large_image","twitter_title":"J\u00fcrgen Weichert verst\u00e4rkt die Usercentrics-Gesch\u00e4ftsf\u00fchrung","twitter_description":"J\u00fcrgen Weichert, ehemaliger Head of Strategic Partner Development DACH bei Google ist seit 1. November 2019 Mitglied der Usercentrics Gesch\u00e4ftsf\u00fchrung.","twitter_site":"@usercentrics","twitter_misc":{"Gesch\u00e4tzte Lesezeit":"2 Minuten"},"schema":{"@context":"https:\/\/schema.org","@graph":[{"@type":"WebPage","@id":"https:\/\/usercentrics.com\/de\/press\/juergen-weichert-verstaerkt-die-geschaeftsfuehrung-von-usercentrics\/","url":"https:\/\/usercentrics.com\/de\/press\/juergen-weichert-verstaerkt-die-geschaeftsfuehrung-von-usercentrics\/","name":"J\u00fcrgen Weichert verst\u00e4rkt die Usercentrics-Gesch\u00e4ftsf\u00fchrung","isPartOf":{"@id":"https:\/\/usercentrics.com\/de\/#website"},"primaryImageOfPage":{"@id":"https:\/\/usercentrics.com\/de\/press\/juergen-weichert-verstaerkt-die-geschaeftsfuehrung-von-usercentrics\/#primaryimage"},"image":{"@id":"https:\/\/usercentrics.com\/de\/press\/juergen-weichert-verstaerkt-die-geschaeftsfuehrung-von-usercentrics\/#primaryimage"},"thumbnailUrl":"https:\/\/usercentrics.com\/de\/wp-content\/uploads\/sites\/2\/2021\/06\/Default_PressRelease.svg?v=bdfe44509ca402b4","datePublished":"2019-12-11T23:00:00+00:00","dateModified":"2024-09-05T10:07:07+00:00","description":"J\u00fcrgen Weichert, ehemaliger Head of Strategic Partner Development DACH bei Google ist seit 1. November 2019 Mitglied der Usercentrics Gesch\u00e4ftsf\u00fchrung.","breadcrumb":{"@id":"https:\/\/usercentrics.com\/de\/press\/juergen-weichert-verstaerkt-die-geschaeftsfuehrung-von-usercentrics\/#breadcrumb"},"inLanguage":"de-DE","potentialAction":[{"@type":"ReadAction","target":"https:\/\/usercentrics.com\/de\/press\/juergen-weichert-verstaerkt-die-geschaeftsfuehrung-von-usercentrics\/"}]},{"@type":"ImageObject","inLanguage":"de-DE","@id":"https:\/\/usercentrics.com\/de\/press\/juergen-weichert-verstaerkt-die-geschaeftsfuehrung-von-usercentrics\/#primaryimage","url":"https:\/\/usercentrics.com\/de\/wp-content\/uploads\/sites\/2\/2021\/06\/Default_PressRelease.svg?v=bdfe44509ca402b4","contentUrl":"https:\/\/usercentrics.com\/de\/wp-content\/uploads\/sites\/2\/2021\/06\/Default_PressRelease.svg?v=bdfe44509ca402b4","caption":"Press Release","copyrightNotice":"\u00a9 Copyright 2026 Usercentrics GmbH","creator":{"@type":"Organization","name":"Usercentrics GmbH"},"creditText":"Image: Usercentrics GmbH"},{"@type":"BreadcrumbList","@id":"https:\/\/usercentrics.com\/de\/press\/juergen-weichert-verstaerkt-die-geschaeftsfuehrung-von-usercentrics\/#breadcrumb","itemListElement":[{"@type":"ListItem","position":1,"name":"Presse","item":"https:\/\/usercentrics.com\/de\/presse\/"},{"@type":"ListItem","position":2,"name":"J\u00fcrgen Weichert verst\u00e4rkt die Gesch\u00e4ftsf\u00fchrung von Usercentrics","item":"https:\/\/usercentrics.com\/de\/press\/juergen-weichert-verstaerkt-die-geschaeftsfuehrung-von-usercentrics\/"}]},{"@type":"WebSite","@id":"https:\/\/usercentrics.com\/de\/#website","url":"https:\/\/usercentrics.com\/de\/","name":"Consent Management Platform (CMP) Usercentrics","description":"Consent Management Platform (CMP) Usercentrics","potentialAction":[{"@type":"SearchAction","target":{"@type":"EntryPoint","urlTemplate":"https:\/\/usercentrics.com\/de\/?s={search_term_string}"}}],"inLanguage":"de-DE"}]}},"_links":{"self":[{"href":"https:\/\/usercentrics.com\/de\/wp-json\/wp\/v2\/press_release\/1405","targetHints":{"allow":["GET"]}}],"collection":[{"href":"https:\/\/usercentrics.com\/de\/wp-json\/wp\/v2\/press_release"}],"about":[{"href":"https:\/\/usercentrics.com\/de\/wp-json\/wp\/v2\/types\/press_release"}],"wp:featuredmedia":[{"embeddable":true,"href":"https:\/\/usercentrics.com\/de\/wp-json\/wp\/v2\/media\/1113"}],"wp:attachment":[{"href":"https:\/\/usercentrics.com\/de\/wp-json\/wp\/v2\/media?parent=1405"}],"wp:term":[{"taxonomy":"post_tag","embeddable":true,"href":"https:\/\/usercentrics.com\/de\/wp-json\/wp\/v2\/tags?post=1405"},{"taxonomy":"press_category","embeddable":true,"href":"https:\/\/usercentrics.com\/de\/wp-json\/wp\/v2\/press_category?post=1405"}],"curies":[{"name":"wp","href":"https:\/\/api.w.org\/{rel}","templated":true}]}}